[{"@context":"https:\/\/schema.org\/","@type":"Article","@id":"https:\/\/www.stich.sk\/bylinka-ktora-by-u-vas-nemala-chybat\/#Article","mainEntityOfPage":"https:\/\/www.stich.sk\/bylinka-ktora-by-u-vas-nemala-chybat\/","headline":"Bylinka, ktor\u00e1 by u v\u00e1s nemala ch\u00fdba\u0165","name":"Bylinka, ktor\u00e1 by u v\u00e1s nemala ch\u00fdba\u0165","description":"Bazalku som v\u017edy vn\u00edmal ako bylinku, ktor\u00e1 sa hod\u00ed do mnoh\u00fdch jed\u00e1l. V\u00a0podstate tak\u00e1 talianska kuchy\u0148a, by bez nej ani nebola talianskou kuchy\u0148ou. Moja priate\u013eka&hellip;","datePublished":"2019-10-07","dateModified":"2019-10-07","author":{"@type":"Person","@id":"https:\/\/www.stich.sk\/author\/#Person","name":"","url":"https:\/\/www.stich.sk\/author\/","identifier":1,"image":{"@type":"ImageObject","@id":"https:\/\/secure.gravatar.com\/avatar\/c3c8c755425dd2471c09c708679d7ce7419edeb32b4db4bfbe1377eb9462fa49?s=96&d=mm&r=g","url":"https:\/\/secure.gravatar.com\/avatar\/c3c8c755425dd2471c09c708679d7ce7419edeb32b4db4bfbe1377eb9462fa49?s=96&d=mm&r=g","height":96,"width":96}},"publisher":{"@type":"Organization","name":"stich.sk","logo":{"@type":"ImageObject","@id":"\/logo.png","url":"\/logo.png","width":600,"height":60}},"image":{"@type":"ImageObject","@id":"https:\/\/www.stich.sk\/wp-content\/uploads\/img_a307763_w16756_t1572268573.jpg","url":"https:\/\/www.stich.sk\/wp-content\/uploads\/img_a307763_w16756_t1572268573.jpg","height":0,"width":0},"url":"https:\/\/www.stich.sk\/bylinka-ktora-by-u-vas-nemala-chybat\/","about":["Hobby"],"wordCount":377,"articleBody":"Bazalku som v\u017edy vn\u00edmal ako bylinku, ktor\u00e1 sa hod\u00ed do mnoh\u00fdch jed\u00e1l. V\u00a0podstate tak\u00e1 talianska kuchy\u0148a, by bez nej ani nebola talianskou kuchy\u0148ou. Moja priate\u013eka bazalku zbo\u017e\u0148uje. V\u00a0lete ju pestujeme na z\u00e1hrade, no nie tak norm\u00e1lne, ako to robia norm\u00e1lni \u013eudia, \u017ee maj\u00fa dve, maxim\u00e1lne tri rastlinky. My ich m\u00e1me asi tridsa\u0165. Navy\u0161e, neviem \u010do za odrodu to je, ale tie rastliny vyzeraj\u00fa ako z\u00a0in\u00e9ho sveta. Neraz prerast\u00fa aj papriku. No a\u00a0moja priate\u013eka, t\u00fa bazalku pou\u017e\u00edva do \u0161al\u00e1tov, namiesto zelen\u00e9ho \u0161al\u00e1tu. Je pravda, \u017ee aj preto som sa za\u010dal o\u00a0t\u00fato rastlinku zauj\u00edma\u0165 o\u00a0trochu viac.\u00a0Pom\u00f4\u017ee pri mnoh\u00fdch probl\u00e9moch \u00a0Botanick\u00fd n\u00e1zov bazalky, je bazalka prav\u00e1. Teda ide len o\u00a0jeden druh, preto\u017ee ich existuje naozaj ve\u013ea. Presko\u010d\u00edm v\u0161etko to o\u00a0jej chuti a\u00a0ar\u00f3me, lebo to viete dobre aj sami. Aj tak, by som sa chcel venova\u0165 sk\u00f4r jej zdravotn\u00fdm \u00fa\u010dinkom. Bazalka obsahuje triesloviny, silice, flavonoidy a\u00a0sapon\u00edny. M\u00e1 ve\u013emi siln\u00e9 antibakteri\u00e1lne \u00fa\u010dinky. P\u00f4sob\u00ed aj ako tak\u00e9 probiotikum, preto\u017ee udr\u017eiava rovnov\u00e1hu v\u00a0tr\u00e1viacom trakte, konkr\u00e9tne v\u00a0\u010drev\u00e1ch. Taktie\u017e podporuje chu\u0165 do jedla a\u00a0zmier\u0148uje nad\u00favanie. V\u010faka svojej v\u00f4ni, m\u00e1 aj upokojuj\u00face a\u017e sedat\u00edvne \u00fa\u010dinky.\u00a0Ako ju pestova\u0165 \u00a0Pestovanie bazalky je ve\u013emi jednoduch\u00e9. Ako som povedal, u\u00a0n\u00e1s rastie po\u017eehnane, a\u00a0to neb\u00fdvame v\u00a0tej najteplej\u0161ej oblasti. V\u00a0priebehu marca si so semienok vypestujte priesady a\u00a0koncom m\u00e1ja ju vysa\u010fte do z\u00e1hrady. M\u00e1 rada kypr\u00fa a\u00a0\u013eahk\u00fa p\u00f4du. Doprajte je dos\u0165 vody a\u00a0slnka a\u00a0ni\u010d in\u00e9, ani robi\u0165 nemus\u00edte.\u00a0Ak by ste ju chceli pestova\u0165 v\u00a0kvetin\u00e1\u010di, postupujte \u00faplne rovnako. Najlep\u0161ie sa jej dar\u00ed na parapetnej doske pri ju\u017enom okne, kde je najviac slnka aj teplo. Ak sa o\u00a0\u0148u budete stara\u0165 naozaj dobre, tak v\u00e1m porastie aj dva roky. Bazalka toti\u017e nie je jednoro\u010dn\u00e1 rastlina. To plat\u00ed len v\u00a0na\u0161ich klimatick\u00fdch podmienkach. Vo svojej domovine, by r\u00e1stla minim\u00e1lne dva roky.\u00a0                                                                                                                                                                                                                                                                                                                                                                                        4.5\/5 - (4 votes)        "},{"@context":"https:\/\/schema.org\/","@type":"BreadcrumbList","itemListElement":[{"@type":"ListItem","position":1,"name":"Bylinka, ktor\u00e1 by u v\u00e1s nemala ch\u00fdba\u0165","item":"https:\/\/www.stich.sk\/bylinka-ktora-by-u-vas-nemala-chybat\/#breadcrumbitem"}]}]